{"id":2152,"date":"2016-09-22T09:20:25","date_gmt":"2016-09-22T07:20:25","guid":{"rendered":"https:\/\/bauhaus-center.com\/?p=2152"},"modified":"2018-08-20T11:09:00","modified_gmt":"2018-08-20T09:09:00","slug":"bauhaus-on-tour-de-suisse-9-lectures-in-switzerland-september-2016","status":"publish","type":"post","link":"https:\/\/bauhaus-center.com\/he\/bauhaus-on-tour-de-suisse-9-lectures-in-switzerland-september-2016\/","title":{"rendered":"Bauhaus on &quot;Tour de Suisse&quot; &#8211; nine lectures in Switzerland September 2016"},"content":{"rendered":"<p>On behalf of the &quot;Gesellschaft Schweiz-Israel&quot; we had the chance to present the White City of Tel Aviv through out Switzerland with 6 lectures in German and 3\u00a0 in French.<\/p>\n<p>Schedule:<\/p>\n<table width=\"541\">\n<tbody>\n<tr>\n<td width=\"66\"><strong>Datum<\/strong><\/td>\n<td width=\"151\"><strong>Veranstaltungsort<\/strong><\/td>\n<td width=\"85\"><strong>Beginn<\/strong><\/td>\n<td width=\"239\"><strong>Verantwortlich:<\/strong><\/p>\n<p><strong>\u00a0<\/strong><\/td>\n<\/tr>\n<tr>\n<td width=\"66\">12.9.16<\/td>\n<td width=\"151\">Cercle Litt\u00e9raire de <strong>Lausanne<\/strong><\/td>\n<td width=\"85\">18.00 Uhr<\/td>\n<td width=\"239\">Jacqueline Cl\u00e9ment-Tanner<\/p>\n<p>&nbsp;<\/p>\n<p>&nbsp;<\/td>\n<\/tr>\n<tr>\n<td width=\"66\">13.9.16<\/td>\n<td width=\"151\">IGB, Leimenstr. 24<\/p>\n<p><strong>Basel<\/strong><\/td>\n<td width=\"85\">19.30 Uhr<\/td>\n<td width=\"239\">Patrick Hafner<\/p>\n<p>&nbsp;<\/p>\n<p>&nbsp;<\/td>\n<\/tr>\n<tr>\n<td width=\"66\">14.9.16<\/td>\n<td width=\"151\">Universit\u00e4t,<\/p>\n<p>Frohburgstr. 3,<\/p>\n<p><strong>Luzern<\/strong><\/td>\n<td width=\"85\">19.30 Uhr<\/td>\n<td width=\"239\">Rolf Koch<\/p>\n<p>&nbsp;<\/p>\n<p>&nbsp;<\/p>\n<p>&nbsp;<\/td>\n<\/tr>\n<tr>\n<td width=\"66\">15.9.16<\/td>\n<td width=\"151\">Centre Communautaire de Lausanne<\/p>\n<p><strong>Lausanne<\/strong><\/td>\n<td width=\"85\">19.00 Uhr<\/td>\n<td width=\"239\">Jacqueline Cl\u00e9ment-Tanner<\/p>\n<p>&nbsp;<\/p>\n<p>&nbsp;<\/p>\n<p>&nbsp;<\/td>\n<\/tr>\n<tr>\n<td width=\"66\">18.9.16<\/td>\n<td width=\"151\">Auditorio der Universit\u00e4t <strong>Lugano<\/strong><\/td>\n<td width=\"85\">17.30 Uhr<\/td>\n<td width=\"239\">Susanne Holm<\/p>\n<p>&nbsp;<\/p>\n<p>&nbsp;<\/p>\n<p>&nbsp;<\/td>\n<\/tr>\n<tr>\n<td width=\"66\">19.9.16<\/td>\n<td width=\"151\">Migros Klubschule<\/p>\n<p>im Hauptbahnhof<\/p>\n<p>St. Gallen, 1. OG,<\/p>\n<p>Raum 128<\/p>\n<p><strong>St.Gallen<\/strong><\/td>\n<td width=\"85\">19.30 Uhr<\/td>\n<td width=\"239\">Rolf Blumenfeld<\/p>\n<p>&nbsp;<\/p>\n<p>&nbsp;<\/p>\n<p>&nbsp;<\/p>\n<p>&nbsp;<\/td>\n<\/tr>\n<tr>\n<td width=\"66\">20.9.16<\/td>\n<td width=\"151\">Orient<\/p>\n<p>Konzert, Film und Theater GmbH<\/p>\n<p>Stadthausgasse 13<\/p>\n<p>8200 <strong>Schaffhausen<\/strong><\/p>\n<p>&nbsp;<\/p>\n<p>&nbsp;<\/p>\n<p>&nbsp;<\/td>\n<td width=\"85\">18\u201900 Uhr<\/td>\n<td width=\"239\">Christian W\u00e4ckerlin (Pr\u00e4sident Schaffh. Architektur Forum\u00e0 Anlass )<\/p>\n<p>&nbsp;<\/p>\n<p>&nbsp;<\/p>\n<p>Gerhard Rusch (GSI\u00e0 Hotel)<\/p>\n<p>&nbsp;<\/p>\n<p>&nbsp;<\/td>\n<\/tr>\n<tr>\n<td width=\"66\">21.9.16<\/td>\n<td width=\"151\">Hauptgeb\u00e4ude<\/p>\n<p>Universit\u00e4t Bern<\/p>\n<p>H\u00f6rsaal 101<\/p>\n<p>1.\u00a0\u00a0\u00a0\u00a0 Stock Ost <strong>Bern<\/strong><\/td>\n<td width=\"85\">19\u201900 Uhr<\/td>\n<td width=\"239\">Markus Hostettler<\/p>\n<p>&nbsp;<\/p>\n<p>&nbsp;<\/td>\n<\/tr>\n<tr>\n<td width=\"66\">22.9.16<\/td>\n<td width=\"151\">&quot;Grosser Saal&quot;,<\/p>\n<p>Israelitische Cultus-gemeinde Z\u00fcrich ICZ<\/p>\n<p>Lavaterstr. 33<\/p>\n<p>8002 <strong>Z\u00fcrich<\/strong><\/td>\n<td width=\"85\">19.00 Uhr<\/td>\n<td width=\"239\">Ursula Wegst-Busslinger<\/p>\n<p>&nbsp;<\/p>\n<p>&nbsp;<\/td>\n<\/tr>\n<\/tbody>\n<\/table>\n<figure id=\"attachment_2165\" aria-describedby=\"caption-attachment-2165\" style=\"width: 250px\" class=\"wp-caption alignnone\"><img decoding=\"async\" class=\"size-medium wp-image-2165 lazyload\" data-src=\"https:\/\/bauhaus-center.com\/wp-content\/uploads\/2018\/08\/15823705_1400054866695253_1123964990884940971_n-250x300.jpg\" alt=\"\" width=\"250\" height=\"300\" src=\"data:image\/svg+xml;base64,PHN2ZyB3aWR0aD0iMSIgaGVpZ2h0PSIxIiB4bWxucz0iaHR0cDovL3d3dy53My5vcmcvMjAwMC9zdmciPjwvc3ZnPg==\" style=\"--smush-placeholder-width: 250px; --smush-placeholder-aspect-ratio: 250\/300;\" \/><figcaption id=\"caption-attachment-2165\" class=\"wp-caption-text\">University of Lugano<\/figcaption><\/figure>\n<p><img decoding=\"async\" class=\"alignnone size-medium wp-image-2163 lazyload\" data-src=\"https:\/\/bauhaus-center.com\/wp-content\/uploads\/2018\/08\/15822947_1400055623361844_7578706099949564501_n-250x300.jpg\" alt=\"\" width=\"250\" height=\"300\" src=\"data:image\/svg+xml;base64,PHN2ZyB3aWR0aD0iMSIgaGVpZ2h0PSIxIiB4bWxucz0iaHR0cDovL3d3dy53My5vcmcvMjAwMC9zdmciPjwvc3ZnPg==\" style=\"--smush-placeholder-width: 250px; --smush-placeholder-aspect-ratio: 250\/300;\" \/><img decoding=\"async\" class=\"alignnone size-medium wp-image-2162 lazyload\" data-src=\"https:\/\/bauhaus-center.com\/wp-content\/uploads\/2018\/08\/15822927_1400055036695236_2757264045089461219_n-250x300.jpg\" alt=\"\" width=\"250\" height=\"300\" src=\"data:image\/svg+xml;base64,PHN2ZyB3aWR0aD0iMSIgaGVpZ2h0PSIxIiB4bWxucz0iaHR0cDovL3d3dy53My5vcmcvMjAwMC9zdmciPjwvc3ZnPg==\" style=\"--smush-placeholder-width: 250px; --smush-placeholder-aspect-ratio: 250\/300;\" \/><img decoding=\"async\" class=\"alignnone size-medium wp-image-2160 lazyload\" data-src=\"https:\/\/bauhaus-center.com\/wp-content\/uploads\/2018\/08\/15781361_1400055273361879_6988366757047014275_n-250x300.jpg\" alt=\"\" width=\"250\" height=\"300\" src=\"data:image\/svg+xml;base64,PHN2ZyB3aWR0aD0iMSIgaGVpZ2h0PSIxIiB4bWxucz0iaHR0cDovL3d3dy53My5vcmcvMjAwMC9zdmciPjwvc3ZnPg==\" style=\"--smush-placeholder-width: 250px; --smush-placeholder-aspect-ratio: 250\/300;\" \/><img decoding=\"async\" class=\"alignnone size-medium wp-image-2158 lazyload\" data-src=\"https:\/\/bauhaus-center.com\/wp-content\/uploads\/2018\/08\/15781005_1400054940028579_3105814883642522203_n-250x300.jpg\" alt=\"\" width=\"250\" height=\"300\" src=\"data:image\/svg+xml;base64,PHN2ZyB3aWR0aD0iMSIgaGVpZ2h0PSIxIiB4bWxucz0iaHR0cDovL3d3dy53My5vcmcvMjAwMC9zdmciPjwvc3ZnPg==\" style=\"--smush-placeholder-width: 250px; --smush-placeholder-aspect-ratio: 250\/300;\" \/><img decoding=\"async\" class=\"alignnone size-medium wp-image-2155 lazyload\" data-src=\"https:\/\/bauhaus-center.com\/wp-content\/uploads\/2018\/08\/15741010_1400055803361826_6918414253266701771_n-250x300.jpg\" alt=\"\" width=\"250\" height=\"300\" src=\"data:image\/svg+xml;base64,PHN2ZyB3aWR0aD0iMSIgaGVpZ2h0PSIxIiB4bWxucz0iaHR0cDovL3d3dy53My5vcmcvMjAwMC9zdmciPjwvc3ZnPg==\" style=\"--smush-placeholder-width: 250px; --smush-placeholder-aspect-ratio: 250\/300;\" \/><\/p>\n<p><img decoding=\"async\" class=\"alignnone size-medium wp-image-2164 lazyload\" data-src=\"https:\/\/bauhaus-center.com\/wp-content\/uploads\/2018\/08\/15823042_1400055616695178_9177677663811339799_n-250x300.jpg\" alt=\"\" width=\"250\" height=\"300\" src=\"data:image\/svg+xml;base64,PHN2ZyB3aWR0aD0iMSIgaGVpZ2h0PSIxIiB4bWxucz0iaHR0cDovL3d3dy53My5vcmcvMjAwMC9zdmciPjwvc3ZnPg==\" style=\"--smush-placeholder-width: 250px; --smush-placeholder-aspect-ratio: 250\/300;\" \/><\/p>\n","protected":false},"excerpt":{"rendered":"<p>On behalf of the &quot;Gesellschaft Schweiz-Israel&quot; we had the chance to present the White City of Tel Aviv through out&#8230;<\/p>\n","protected":false},"author":4,"featured_media":2160,"comment_status":"closed","ping_status":"open","sticky":false,"template":"","format":"standard","meta":{"footnotes":""},"categories":[42],"tags":[],"class_list":["post-2152","post","type-post","status-publish","format-standard","has-post-thumbnail","hentry","category-bauhaus-center-abroad"],"aioseo_notices":[],"_links":{"self":[{"href":"https:\/\/bauhaus-center.com\/he\/wp-json\/wp\/v2\/posts\/2152","targetHints":{"allow":["GET"]}}],"collection":[{"href":"https:\/\/bauhaus-center.com\/he\/wp-json\/wp\/v2\/posts"}],"about":[{"href":"https:\/\/bauhaus-center.com\/he\/wp-json\/wp\/v2\/types\/post"}],"author":[{"embeddable":true,"href":"https:\/\/bauhaus-center.com\/he\/wp-json\/wp\/v2\/users\/4"}],"replies":[{"embeddable":true,"href":"https:\/\/bauhaus-center.com\/he\/wp-json\/wp\/v2\/comments?post=2152"}],"version-history":[{"count":0,"href":"https:\/\/bauhaus-center.com\/he\/wp-json\/wp\/v2\/posts\/2152\/revisions"}],"wp:featuredmedia":[{"embeddable":true,"href":"https:\/\/bauhaus-center.com\/he\/wp-json\/wp\/v2\/media\/2160"}],"wp:attachment":[{"href":"https:\/\/bauhaus-center.com\/he\/wp-json\/wp\/v2\/media?parent=2152"}],"wp:term":[{"taxonomy":"category","embeddable":true,"href":"https:\/\/bauhaus-center.com\/he\/wp-json\/wp\/v2\/categories?post=2152"},{"taxonomy":"post_tag","embeddable":true,"href":"https:\/\/bauhaus-center.com\/he\/wp-json\/wp\/v2\/tags?post=2152"}],"curies":[{"name":"wp","href":"https:\/\/api.w.org\/{rel}","templated":true}]}}